{"id":53037,"date":"2022-01-06T20:45:08","date_gmt":"2022-01-06T19:45:08","guid":{"rendered":"https:\/\/freie-schule.info\/home\/?p=53037"},"modified":"2022-01-06T20:46:14","modified_gmt":"2022-01-06T19:46:14","slug":"aus-uberzeugung-im-bfas","status":"publish","type":"post","link":"https:\/\/freie-schule.info\/home\/aus-uberzeugung-im-bfas\/","title":{"rendered":"Aus \u00dcberzeugung im BFAS"},"content":{"rendered":"\n<p>Unsere Schule ist Mitglied im &#8222;Bundesverband freier Alternativschulen&#8220; (BFAS). Auf dessen diesj\u00e4hrigen Bundestreffen wurde folgende Resolution besprochen und bei der Mitgliederversammlung \u00fcberarbeitet und verabschiedet:<\/p>\n\n\n\n<p>&#8222;Update unserer Tempelhofer Resolution:<\/p>\n\n\n\n<p>______________________&nbsp;<br>Resolution des BFAS<br>#bildungistpolitisch 2021&nbsp;<br>&nbsp;&nbsp;<br>Als Mitgliedsschulen des BFAS sind f\u00fcr uns<br>die Individualit\u00e4t und die W\u00fcrde jedes Menschen,<br>der Anspruch auf eine selbstbestimmte Zukunft<br>und gleiche Rechte Ausgangspunkte unserer Arbeit.<br><br>Diese Haltung bestimmt unseren Blick auf die Gesellschaft.<br>Unser Engagement f\u00fcr Bildung ist ein zivilgesellschaftliches<br>Engagement.<br><br>Deshalb wenden wir uns gegen jeden Versuch, Grund- und<br>Menschenrechte (inklusive der Kinderrechte) auf einzelne<br>Gruppen zu beschr\u00e4nken. Wir grenzen uns deutlich gegen<br>rechte und demokratiefeindliche Tendenzen und Gruppen<br>ab und positionieren uns antifaschistisch.<br><br>Wir stellen uns gruppenbezogener Menschenfeindlichkeit<br>(z.B. Rassismus und Sexismus) entgegen<br>und leben Diversit\u00e4t und Inklusion.<br><br>Wir folgen dem aktuellen Stand der Wissenschaft.<br>Verschw\u00f6rungsmythen und Populismus<br>haben f\u00fcr uns kein Gewicht.<br><br>Wir k\u00e4mpfen f\u00fcr unsere gemeinsame Demokratie:<br>Die W\u00fcrde des Menschen ist unantastbar.&nbsp;<br><br>Beschlossen auf der BFAS Mitgliederversammlung in Berlin &#8211; Oktober 2021&#8243;<br>______________________&nbsp;<\/p>\n\n\n\n<p>Nicht nur weil wir &#8211; die Freie Schule Tecklenburger Land &#8211; Mitglied im BFAS sind, unterst\u00fctzen wir diese Resolution, sondern wir f\u00fchlen uns auf Grund unseres gesellschaftlichen Verst\u00e4ndnisses aus tiefer \u00dcberzeugung dazu verpflichtet.&nbsp;&nbsp;<\/p>\n\n\n\n<p>Eine Zustimmung dieser Resolution bedeutet nicht, sich nicht &#8211; mehr &#8211; mit diesen Themen auseinanderzusetzen. Denn das wird immer wieder an verschiedenen Stellen ein Thema sowohl in unserer Gesellschaft als auch an unserer Schule sein &#8211; sei es im sozialen oder auch im schulisch\/inhaltlichen Kontext. Eine Zustimmung bedeutet letztendlich, dass wir uns ganz klar von verschiedenen Extremen abgrenzen und uns Werte wie Individualit\u00e4t, Menschlichkeit, Diversit\u00e4t, Inklusion und Demokratie in unserem Alltag wichtig sind und wir sie leben (wollen). Nicht immer gelingt das, aber wichtig ist daher weiterhin die Auseinandersetzung damit &#8211; gerade an einer Schule wie unserer!<\/p>\n","protected":false},"excerpt":{"rendered":"<p>Unsere Schule ist Mitglied im &#8222;Bundesverband freier Alternativschulen&#8220; (BFAS). Auf dessen diesj\u00e4hrigen Bundestreffen wurde folgende Resolution besprochen und bei der Mitgliederversammlung \u00fcberarbeitet und verabschiedet: &#8222;Update unserer Tempelhofer Resolution: ______________________&nbsp;Resolution des BFAS#bildungistpolitisch 2021&nbsp;&nbsp;&nbsp;Als Mitgliedsschulen des BFAS sind f\u00fcr unsdie Individualit\u00e4t und die W\u00fcrde jedes Menschen,der Anspruch auf eine selbstbestimmte Zukunftund gleiche Rechte Ausgangspunkte unserer Arbeit. Diese [&hellip;]<\/p>\n","protected":false},"author":4,"featured_media":53038,"comment_status":"open","ping_status":"open","sticky":false,"template":"","format":"standard","meta":{"_et_pb_use_builder":"off","_et_pb_old_content":"","_et_gb_content_width":"","footnotes":""},"categories":[5],"tags":[],"class_list":["post-53037","post","type-post","status-publish","format-standard","has-post-thumbnail","hentry","category-infobrief"],"_links":{"self":[{"href":"https:\/\/freie-schule.info\/home\/wp-json\/wp\/v2\/posts\/53037","targetHints":{"allow":["GET"]}}],"collection":[{"href":"https:\/\/freie-schule.info\/home\/wp-json\/wp\/v2\/posts"}],"about":[{"href":"https:\/\/freie-schule.info\/home\/wp-json\/wp\/v2\/types\/post"}],"author":[{"embeddable":true,"href":"https:\/\/freie-schule.info\/home\/wp-json\/wp\/v2\/users\/4"}],"replies":[{"embeddable":true,"href":"https:\/\/freie-schule.info\/home\/wp-json\/wp\/v2\/comments?post=53037"}],"version-history":[{"count":1,"href":"https:\/\/freie-schule.info\/home\/wp-json\/wp\/v2\/posts\/53037\/revisions"}],"predecessor-version":[{"id":53039,"href":"https:\/\/freie-schule.info\/home\/wp-json\/wp\/v2\/posts\/53037\/revisions\/53039"}],"wp:featuredmedia":[{"embeddable":true,"href":"https:\/\/freie-schule.info\/home\/wp-json\/wp\/v2\/media\/53038"}],"wp:attachment":[{"href":"https:\/\/freie-schule.info\/home\/wp-json\/wp\/v2\/media?parent=53037"}],"wp:term":[{"taxonomy":"category","embeddable":true,"href":"https:\/\/freie-schule.info\/home\/wp-json\/wp\/v2\/categories?post=53037"},{"taxonomy":"post_tag","embeddable":true,"href":"https:\/\/freie-schule.info\/home\/wp-json\/wp\/v2\/tags?post=53037"}],"curies":[{"name":"wp","href":"https:\/\/api.w.org\/{rel}","templated":true}]}}